{"id":942,"date":"2020-09-02T16:00:11","date_gmt":"2020-09-02T14:00:11","guid":{"rendered":"http:\/\/feuerwehr-umkirch.de\/wordpress\/?p=942"},"modified":"2020-08-17T21:41:10","modified_gmt":"2020-08-17T19:41:10","slug":"information-zur-sirenenalarmierung","status":"publish","type":"post","link":"https:\/\/feuerwehr-umkirch.de\/wordpress\/2020\/09\/02\/information-zur-sirenenalarmierung\/","title":{"rendered":"Information zur Sirenenalarmierung"},"content":{"rendered":"\n<p>\u26a0\ufe0f??\u200d?&nbsp;INFORMATION&nbsp;??\u200d?\u26a0\ufe0f<\/p>\n\n\n\n<p>Im Zusammenhang mit dem bundesweiten&nbsp;<a href=\"https:\/\/www.facebook.com\/hashtag\/warntag2020?source=feed_text&amp;epa=HASHTAG&amp;__xts__%5B0%5D=68.ARAbbmGwhXaSg625kqk4iyNp5-GVR6XUnMrbDJ2T4l1ut9SRf3IBG5i5q2wksBe-6A1UQ7MPpophj9wDOBMkSYCYKG-LtMkQ1iPL8g2WVEC-bM9rHgi_9EqGyyLqu0rT8Ri_1tO562caSYSce2oTUCch9-Y983FNy8mAyegYevBkE8zXNu39f6yUiub-B8z_mzesP8Ie9cIa5b4b4d6Xj5A-c6cdxrqW4ikUIOAm03xVVY6h3kCGQ5zuzmEbljMiDazgOt4oDt8mHvGHtnkwr6CIoLqsMpmRObVIhmmIsMpZl0MELmQ3zYvtWiGBNad7ramv&amp;__tn__=%2ANK-R\">#Warntag2020<\/a>&nbsp;wollen wir Euch das Thema Sirenenalarmierung&nbsp;?&nbsp;n\u00e4her bringen.<\/p>\n\n\n\n<p>Die Sirene in Umkirch befindet sich auf dem Dach des Kultur- und Vereinshaus.<\/p>\n\n\n\n<p>Auch sie wird am bundesweiten&nbsp;<a href=\"https:\/\/www.facebook.com\/hashtag\/warntag2020?source=feed_text&amp;epa=HASHTAG&amp;__xts__%5B0%5D=68.ARAbbmGwhXaSg625kqk4iyNp5-GVR6XUnMrbDJ2T4l1ut9SRf3IBG5i5q2wksBe-6A1UQ7MPpophj9wDOBMkSYCYKG-LtMkQ1iPL8g2WVEC-bM9rHgi_9EqGyyLqu0rT8Ri_1tO562caSYSce2oTUCch9-Y983FNy8mAyegYevBkE8zXNu39f6yUiub-B8z_mzesP8Ie9cIa5b4b4d6Xj5A-c6cdxrqW4ikUIOAm03xVVY6h3kCGQ5zuzmEbljMiDazgOt4oDt8mHvGHtnkwr6CIoLqsMpmRObVIhmmIsMpZl0MELmQ3zYvtWiGBNad7ramv&amp;__tn__=%2ANK-R\">#warntag2020<\/a>&nbsp;am 10. September ert\u00f6nen.<\/p>\n\n\n\n<p>Im Bild seht Ihr die verschiedenen Warnt\u00f6ne.<\/p>\n\n\n\n<p>Am Warntag wird um 11Uhr der Bev\u00f6lkerungswarnton erklingen.<\/p>\n\n\n\n<p>Um ca. 11:20Uhr folgt dann der Entwarnton.<\/p>\n\n\n\n<figure class=\"wp-block-image\"><img decoding=\"async\" src=\"https:\/\/scontent-muc2-1.xx.fbcdn.net\/v\/t1.0-9\/117852722_3820598427966730_285798718076950803_n.jpg?_nc_cat=104&amp;_nc_sid=56b9b4&amp;_nc_ohc=yTFGuIylK5EAX-DMCmQ&amp;_nc_ht=scontent-muc2-1.xx&amp;oh=3b7ff56d426e296d7ddf5f64ece7edad&amp;oe=5F60EAF9\" alt=\"\"\/><\/figure>\n","protected":false},"excerpt":{"rendered":"<p>\u26a0\ufe0f??\u200d?&nbsp;INFORMATION&nbsp;??\u200d?\u26a0\ufe0f Im Zusammenhang mit dem bundesweiten&nbsp;#Warntag2020&nbsp;wollen wir Euch das Thema Sirenenalarmierung&nbsp;?&nbsp;n\u00e4her bringen. Die Sirene in Umkirch befindet sich auf dem Dach des Kultur- und Vereinshaus. Auch sie wird am bundesweiten&nbsp;#warntag2020&nbsp;am 10. September ert\u00f6nen. Im Bild seht Ihr die verschiedenen Warnt\u00f6ne. Am Warntag wird um 11Uhr der Bev\u00f6lkerungswarnton erklingen. Um ca. 11:20Uhr folgt dann der Entwarnton.<\/p>\n","protected":false},"author":3,"featured_media":0,"comment_status":"open","ping_status":"open","sticky":false,"template":"","format":"standard","meta":{"footnotes":""},"categories":[5],"tags":[],"class_list":["post-942","post","type-post","status-publish","format-standard","hentry","category-sonstiges"],"_links":{"self":[{"href":"https:\/\/feuerwehr-umkirch.de\/wordpress\/wp-json\/wp\/v2\/posts\/942","targetHints":{"allow":["GET"]}}],"collection":[{"href":"https:\/\/feuerwehr-umkirch.de\/wordpress\/wp-json\/wp\/v2\/posts"}],"about":[{"href":"https:\/\/feuerwehr-umkirch.de\/wordpress\/wp-json\/wp\/v2\/types\/post"}],"author":[{"embeddable":true,"href":"https:\/\/feuerwehr-umkirch.de\/wordpress\/wp-json\/wp\/v2\/users\/3"}],"replies":[{"embeddable":true,"href":"https:\/\/feuerwehr-umkirch.de\/wordpress\/wp-json\/wp\/v2\/comments?post=942"}],"version-history":[{"count":1,"href":"https:\/\/feuerwehr-umkirch.de\/wordpress\/wp-json\/wp\/v2\/posts\/942\/revisions"}],"predecessor-version":[{"id":943,"href":"https:\/\/feuerwehr-umkirch.de\/wordpress\/wp-json\/wp\/v2\/posts\/942\/revisions\/943"}],"wp:attachment":[{"href":"https:\/\/feuerwehr-umkirch.de\/wordpress\/wp-json\/wp\/v2\/media?parent=942"}],"wp:term":[{"taxonomy":"category","embeddable":true,"href":"https:\/\/feuerwehr-umkirch.de\/wordpress\/wp-json\/wp\/v2\/categories?post=942"},{"taxonomy":"post_tag","embeddable":true,"href":"https:\/\/feuerwehr-umkirch.de\/wordpress\/wp-json\/wp\/v2\/tags?post=942"}],"curies":[{"name":"wp","href":"https:\/\/api.w.org\/{rel}","templated":true}]}}