{"id":936,"date":"2020-07-19T21:31:29","date_gmt":"2020-07-19T19:31:29","guid":{"rendered":"http:\/\/feuerwehr-umkirch.de\/wordpress\/?p=936"},"modified":"2020-08-17T21:34:35","modified_gmt":"2020-08-17T19:34:35","slug":"einsatz-20-29-h1-person-in-zwangslage-klein","status":"publish","type":"post","link":"https:\/\/feuerwehr-umkirch.de\/wordpress\/2020\/07\/19\/einsatz-20-29-h1-person-in-zwangslage-klein\/","title":{"rendered":"Einsatz 20-29: H1 &#8211; Person in Zwangslage klein"},"content":{"rendered":"\n<p>Am 19.Juli 2020 wurden wir gegen 17:30 Uhr in ein Umkircher Seniorenheim alarmiert.<br>Durch den Pflegedienst konnte die T\u00fcre ge\u00f6ffnet werden.<br>Ein Trupp k\u00fcmmerte sich um die Erstversorgung der Patientin, bis zum Eintreffen des Rettungsdienstes. Anschlie\u00dfend haben wir den Rettungsdienst in Form von Tragehilfe unterst\u00fctzt.<\/p>\n\n\n\n<p><\/p>\n","protected":false},"excerpt":{"rendered":"<p>Am 19.Juli 2020 wurden wir gegen 17:30 Uhr in ein Umkircher Seniorenheim alarmiert.Durch den Pflegedienst konnte die T\u00fcre ge\u00f6ffnet werden.Ein Trupp k\u00fcmmerte sich um die Erstversorgung der Patientin, bis zum Eintreffen des Rettungsdienstes. Anschlie\u00dfend haben wir den Rettungsdienst in Form von Tragehilfe unterst\u00fctzt.<\/p>\n","protected":false},"author":3,"featured_media":0,"comment_status":"open","ping_status":"open","sticky":false,"template":"","format":"standard","meta":{"footnotes":""},"categories":[3],"tags":[],"class_list":["post-936","post","type-post","status-publish","format-standard","hentry","category-einsatz"],"_links":{"self":[{"href":"https:\/\/feuerwehr-umkirch.de\/wordpress\/wp-json\/wp\/v2\/posts\/936","targetHints":{"allow":["GET"]}}],"collection":[{"href":"https:\/\/feuerwehr-umkirch.de\/wordpress\/wp-json\/wp\/v2\/posts"}],"about":[{"href":"https:\/\/feuerwehr-umkirch.de\/wordpress\/wp-json\/wp\/v2\/types\/post"}],"author":[{"embeddable":true,"href":"https:\/\/feuerwehr-umkirch.de\/wordpress\/wp-json\/wp\/v2\/users\/3"}],"replies":[{"embeddable":true,"href":"https:\/\/feuerwehr-umkirch.de\/wordpress\/wp-json\/wp\/v2\/comments?post=936"}],"version-history":[{"count":1,"href":"https:\/\/feuerwehr-umkirch.de\/wordpress\/wp-json\/wp\/v2\/posts\/936\/revisions"}],"predecessor-version":[{"id":937,"href":"https:\/\/feuerwehr-umkirch.de\/wordpress\/wp-json\/wp\/v2\/posts\/936\/revisions\/937"}],"wp:attachment":[{"href":"https:\/\/feuerwehr-umkirch.de\/wordpress\/wp-json\/wp\/v2\/media?parent=936"}],"wp:term":[{"taxonomy":"category","embeddable":true,"href":"https:\/\/feuerwehr-umkirch.de\/wordpress\/wp-json\/wp\/v2\/categories?post=936"},{"taxonomy":"post_tag","embeddable":true,"href":"https:\/\/feuerwehr-umkirch.de\/wordpress\/wp-json\/wp\/v2\/tags?post=936"}],"curies":[{"name":"wp","href":"https:\/\/api.w.org\/{rel}","templated":true}]}}