{"id":931,"date":"2020-08-21T16:00:59","date_gmt":"2020-08-21T14:00:59","guid":{"rendered":"http:\/\/feuerwehr-umkirch.de\/wordpress\/?p=931"},"modified":"2020-08-17T21:06:29","modified_gmt":"2020-08-17T19:06:29","slug":"warntag-2020","status":"publish","type":"post","link":"https:\/\/feuerwehr-umkirch.de\/wordpress\/2020\/08\/21\/warntag-2020\/","title":{"rendered":"Warntag 2020"},"content":{"rendered":"\n<p>\u26a0\ufe0f??\u200d?&nbsp;INFORMATION \/ VORANK\u00dcNDIGUNG??\u200d?\u26a0\ufe0f<\/p>\n\n\n\n<p>Am 10. September 2020 wird p\u00fcnktlich um 11 Uhr ein bundesweiter Probealarm unter Einbindung aller vorhandenen Warnmittel durchgef\u00fchrt. Dazu geh\u00f6ren beispielsweise Warn-Apps, Radio, Fernsehen&nbsp;?&nbsp;und lokale Warnmittel wie Sirenen. Warnmultiplikatoren wie zum Beispiel Rundfunksender&nbsp;?&nbsp;\u00fcbermitteln die Probewarnung mit m\u00f6glichst wenig Zeitverlust \u00fcber das jeweilige Programm. Auch die Entwarnung wird durch die Warnzentrale des BBK versendet,&nbsp;welche ebenfalls durch die Warnmultiplikatoren und die Warnmittel an die Bev\u00f6lkerung \u00fcbermittelt wird.<\/p>\n\n\n\n<p>Auch in Umkirch wird die Sirene&nbsp;?&nbsp;ert\u00f6nen.<\/p>\n\n\n\n<p>\u2139\ufe0f&nbsp;In den kommenden Wochen werden wir Euch zu diesem Thema informieren.<\/p>\n\n\n\n<p>Weitere Infos bekommt Ihr schon jetzt unter:<\/p>\n\n\n\n<p><a href=\"http:\/\/www.bundesweiter-warntag.de\/?fbclid=IwAR2hsu9WE2xxhPTDuLVyv8m_dqBWcW_LCX9rpY9gF9g2a_riMa-SiAy4oYg\" target=\"_blank\" rel=\"noreferrer noopener\">www.bundesweiter-warntag.de<\/a><\/p>\n\n\n\n<p><a href=\"https:\/\/www.facebook.com\/hashtag\/warntag2020?source=feed_text&amp;epa=HASHTAG&amp;__xts__%5B0%5D=68.ARCUDPsxBNun-eXLFWNfHg5H-VhJZVNIDeRiGpx8r5akSLkxw5Bpv8WCYvoj145Q_4Egna3ZC6dsBCnAHhzXdSh4k38xy3foh1dRiimRRLLHaq64JvRPmA7WDpYyuFypWqurKJXuLnIqzCWeQm1LarJC6p7Hn2antG30ulbrF574DerdgcoesOmwUXD91RXJYfRpJH67PgPxgLsOJyWtgPy5YzmHy4mvOoNXQoBfy1eLZVQbz1m3dIrIds7VqlOjDQ3I3Fmw7u9y8K5MoTqi2H8sfUZOWe_itGqnbH7yEQEA-TugrbL_ypD00f8acbrmGs4T&amp;__tn__=%2ANK-R\">#warntag2020<\/a><br><a href=\"https:\/\/www.facebook.com\/hashtag\/feuerwehrumkirch?source=feed_text&amp;epa=HASHTAG&amp;__xts__%5B0%5D=68.ARCUDPsxBNun-eXLFWNfHg5H-VhJZVNIDeRiGpx8r5akSLkxw5Bpv8WCYvoj145Q_4Egna3ZC6dsBCnAHhzXdSh4k38xy3foh1dRiimRRLLHaq64JvRPmA7WDpYyuFypWqurKJXuLnIqzCWeQm1LarJC6p7Hn2antG30ulbrF574DerdgcoesOmwUXD91RXJYfRpJH67PgPxgLsOJyWtgPy5YzmHy4mvOoNXQoBfy1eLZVQbz1m3dIrIds7VqlOjDQ3I3Fmw7u9y8K5MoTqi2H8sfUZOWe_itGqnbH7yEQEA-TugrbL_ypD00f8acbrmGs4T&amp;__tn__=%2ANK-R\">#feuerwehrumkirch<\/a><br><a href=\"https:\/\/www.facebook.com\/hashtag\/wirf%C3%BCrumkirch?source=feed_text&amp;epa=HASHTAG&amp;__xts__%5B0%5D=68.ARCUDPsxBNun-eXLFWNfHg5H-VhJZVNIDeRiGpx8r5akSLkxw5Bpv8WCYvoj145Q_4Egna3ZC6dsBCnAHhzXdSh4k38xy3foh1dRiimRRLLHaq64JvRPmA7WDpYyuFypWqurKJXuLnIqzCWeQm1LarJC6p7Hn2antG30ulbrF574DerdgcoesOmwUXD91RXJYfRpJH67PgPxgLsOJyWtgPy5YzmHy4mvOoNXQoBfy1eLZVQbz1m3dIrIds7VqlOjDQ3I3Fmw7u9y8K5MoTqi2H8sfUZOWe_itGqnbH7yEQEA-TugrbL_ypD00f8acbrmGs4T&amp;__tn__=%2ANK-R\">#wirf\u00fcrumkirch<\/a><\/p>\n\n\n\n<figure class=\"wp-block-image\"><img loading=\"lazy\" decoding=\"async\" width=\"1024\" height=\"885\" src=\"https:\/\/feuerwehr-umkirch.de\/wp-content\/uploads\/2020\/08\/Online-Banner_BuWaTag_1274x1100-1024x885.png\" alt=\"\" class=\"wp-image-932\" srcset=\"https:\/\/feuerwehr-umkirch.de\/wp-content\/uploads\/2020\/08\/Online-Banner_BuWaTag_1274x1100-1024x885.png 1024w, https:\/\/feuerwehr-umkirch.de\/wp-content\/uploads\/2020\/08\/Online-Banner_BuWaTag_1274x1100-600x519.png 600w, https:\/\/feuerwehr-umkirch.de\/wp-content\/uploads\/2020\/08\/Online-Banner_BuWaTag_1274x1100-300x259.png 300w, https:\/\/feuerwehr-umkirch.de\/wp-content\/uploads\/2020\/08\/Online-Banner_BuWaTag_1274x1100-768x664.png 768w, https:\/\/feuerwehr-umkirch.de\/wp-content\/uploads\/2020\/08\/Online-Banner_BuWaTag_1274x1100-150x130.png 150w, https:\/\/feuerwehr-umkirch.de\/wp-content\/uploads\/2020\/08\/Online-Banner_BuWaTag_1274x1100.png 1274w\" sizes=\"auto, (max-width: 767px) 89vw, (max-width: 1000px) 54vw, (max-width: 1071px) 543px, 580px\" \/><\/figure>\n","protected":false},"excerpt":{"rendered":"<p>\u26a0\ufe0f??\u200d?&nbsp;INFORMATION \/ VORANK\u00dcNDIGUNG??\u200d?\u26a0\ufe0f Am 10. September 2020 wird p\u00fcnktlich um 11 Uhr ein bundesweiter Probealarm unter Einbindung aller vorhandenen Warnmittel durchgef\u00fchrt. Dazu geh\u00f6ren beispielsweise Warn-Apps, Radio, Fernsehen&nbsp;?&nbsp;und lokale Warnmittel wie Sirenen. Warnmultiplikatoren wie zum Beispiel Rundfunksender&nbsp;?&nbsp;\u00fcbermitteln die Probewarnung mit m\u00f6glichst wenig Zeitverlust \u00fcber das jeweilige Programm. Auch die Entwarnung wird durch die Warnzentrale des BBK &hellip; <\/p>\n<p class=\"link-more\"><a href=\"https:\/\/feuerwehr-umkirch.de\/wordpress\/2020\/08\/21\/warntag-2020\/\" class=\"more-link\"><span class=\"screen-reader-text\">\u201eWarntag 2020\u201c <\/span>weiterlesen<\/a><\/p>\n","protected":false},"author":3,"featured_media":0,"comment_status":"open","ping_status":"open","sticky":false,"template":"","format":"standard","meta":{"footnotes":""},"categories":[5],"tags":[],"class_list":["post-931","post","type-post","status-publish","format-standard","hentry","category-sonstiges"],"_links":{"self":[{"href":"https:\/\/feuerwehr-umkirch.de\/wordpress\/wp-json\/wp\/v2\/posts\/931","targetHints":{"allow":["GET"]}}],"collection":[{"href":"https:\/\/feuerwehr-umkirch.de\/wordpress\/wp-json\/wp\/v2\/posts"}],"about":[{"href":"https:\/\/feuerwehr-umkirch.de\/wordpress\/wp-json\/wp\/v2\/types\/post"}],"author":[{"embeddable":true,"href":"https:\/\/feuerwehr-umkirch.de\/wordpress\/wp-json\/wp\/v2\/users\/3"}],"replies":[{"embeddable":true,"href":"https:\/\/feuerwehr-umkirch.de\/wordpress\/wp-json\/wp\/v2\/comments?post=931"}],"version-history":[{"count":1,"href":"https:\/\/feuerwehr-umkirch.de\/wordpress\/wp-json\/wp\/v2\/posts\/931\/revisions"}],"predecessor-version":[{"id":933,"href":"https:\/\/feuerwehr-umkirch.de\/wordpress\/wp-json\/wp\/v2\/posts\/931\/revisions\/933"}],"wp:attachment":[{"href":"https:\/\/feuerwehr-umkirch.de\/wordpress\/wp-json\/wp\/v2\/media?parent=931"}],"wp:term":[{"taxonomy":"category","embeddable":true,"href":"https:\/\/feuerwehr-umkirch.de\/wordpress\/wp-json\/wp\/v2\/categories?post=931"},{"taxonomy":"post_tag","embeddable":true,"href":"https:\/\/feuerwehr-umkirch.de\/wordpress\/wp-json\/wp\/v2\/tags?post=931"}],"curies":[{"name":"wp","href":"https:\/\/api.w.org\/{rel}","templated":true}]}}