{"id":891,"date":"2020-04-01T13:39:03","date_gmt":"2020-04-01T11:39:03","guid":{"rendered":"http:\/\/feuerwehr-umkirch.de\/wordpress\/?p=891"},"modified":"2020-04-01T13:42:56","modified_gmt":"2020-04-01T11:42:56","slug":"aufruf-zum-naehen-von-mund-und-nasenmasken","status":"publish","type":"post","link":"https:\/\/feuerwehr-umkirch.de\/wordpress\/2020\/04\/01\/aufruf-zum-naehen-von-mund-und-nasenmasken\/","title":{"rendered":"Aufruf zum N\u00e4hen von Mund- und Nasenmasken"},"content":{"rendered":"\n<p>Das Corona-Helfernetzwerk Umkirch, das ma\u00dfgeblich aus dem&nbsp;<a href=\"https:\/\/www.facebook.com\/drk.umkirch\/?__tn__=K-R&amp;eid=ARCsXcA3xcD6EF9Mai8FjsElyzxYAN7saguEsPb1fbZdc3gBVZhYGB5ofTXHwNcHCkcAvzMEoizzClA9&amp;fref=mentions&amp;__xts__%5B0%5D=68.ARAMaYdzrwc8yWIrMGD5nUdFC5OLMYQbOYVgB3EheWCE43RPv4dFIwAJoT_O_Ut1fpIuGA6XGBlYrnlC3kfblc1GBE--fQkvu8latCM6zrGmXTRoNUoJ-NDOShtOULYx7eXVYt8zF5qhX8KYsnGw0KZvPfRRQ1mX-SKhtmvyoXMf0z4cjzbk_Dgb9KUJvDiMo3HZmZzLW1rXKMX4IuUR539TBY5QAax0gDHMBTo3ZzNWJ6KpIqhAKUizBm2yE7SH4JVSFu_ot8MdvfG7eKArT-VS_5idzu3dwyKg0T7H8vd9kHoS3Wg4KNY1tX0Htthd5a_nqg_UOdl9FDW-x4mfT4bgvXgVZWNCx7yHcfvR-jy-lrxfkQ2xN47P-gWGLs09bM-xaGl74DF9W94zkx79bvzX_ObYsng6kPnl9LNlQEg9NxI\">DRK Ortsverein Umkirch<\/a>&nbsp;im engen Austausch mit der Gemeinde Umkirch besteht, ruft zum N\u00e4hen von Stoffmasken f\u00fcr den nicht medizinischen Gebrauch auf!!<\/p>\n\n\n\n<p>Medizinische Masken der Schutzklassen FFP2\/FFP3 sind aktuell knapp und sollten daher f\u00fcr Rettungsorganisationen, Pflegedienste und Krankenh\u00e4user vorbehalten sein. Eine einfache Maske aus Stoff kann aber eine weitere \u00dcbertragung eind\u00e4mmen und ist somit sehr sinnvoll.<\/p>\n\n\n\n<p>Auch die Feuerwehr Umkirch m\u00f6chte im Einsatzfall auf solche Masken zur\u00fcckgreifen um die Ansteckungsgefahr der Kameraden untereinander auf ein Minimum zu reduzieren. Bei Kontakt zu Erkrankten oder m\u00f6glicherweise Erkrankten benutzen wir dann nat\u00fcrlich weitreichende Schutzkleidung und FFP2 Masken.<\/p>\n\n\n\n<p>Wir unterst\u00fctzen daher gerne den Aufruf und bitten die Hobbyn\u00e4her \/innen unter unseren Followern, sich der N\u00e4haktion anzuschlie\u00dfen.<\/p>\n\n\n\n<p>Materialien und eine N\u00e4hanleitung wird vom Helfernetzwerk zur Verf\u00fcgung gestellt.<\/p>\n\n\n\n<p>Bei Interesse k\u00f6nnt Ihr Euch bei s.sturhahn@umkirch.de oder \u00fcber info@drk-umkirch.de oder telefonisch unter 07665\/50519 mit dem Helfernetzwerk in Verbindung setzen. Gerne k\u00f6nnen aber auch wir den Kontakt herstellen.<\/p>\n\n\n\n<figure class=\"wp-block-image\"><img decoding=\"async\" src=\"https:\/\/scontent-frx5-1.xx.fbcdn.net\/v\/t1.0-9\/91374399_3432450670114843_8309300784634265600_o.jpg?_nc_cat=111&amp;_nc_sid=8024bb&amp;_nc_ohc=NeJwbLr4F3oAX_U1uXg&amp;_nc_ht=scontent-frx5-1.xx&amp;oh=b0170560d2726fa3d775e3d0ff657059&amp;oe=5EAA21A0\" alt=\"Bild k\u00f6nnte enthalten: Personen, die sitzen\"\/><\/figure>\n","protected":false},"excerpt":{"rendered":"<p>Das Corona-Helfernetzwerk Umkirch, das ma\u00dfgeblich aus dem&nbsp;DRK Ortsverein Umkirch&nbsp;im engen Austausch mit der Gemeinde Umkirch besteht, ruft zum N\u00e4hen von Stoffmasken f\u00fcr den nicht medizinischen Gebrauch auf!! Medizinische Masken der Schutzklassen FFP2\/FFP3 sind aktuell knapp und sollten daher f\u00fcr Rettungsorganisationen, Pflegedienste und Krankenh\u00e4user vorbehalten sein. Eine einfache Maske aus Stoff kann aber eine weitere \u00dcbertragung &hellip; <\/p>\n<p class=\"link-more\"><a href=\"https:\/\/feuerwehr-umkirch.de\/wordpress\/2020\/04\/01\/aufruf-zum-naehen-von-mund-und-nasenmasken\/\" class=\"more-link\"><span class=\"screen-reader-text\">\u201eAufruf zum N\u00e4hen von Mund- und Nasenmasken\u201c <\/span>weiterlesen<\/a><\/p>\n","protected":false},"author":3,"featured_media":0,"comment_status":"open","ping_status":"open","sticky":false,"template":"","format":"standard","meta":{"footnotes":""},"categories":[1],"tags":[],"class_list":["post-891","post","type-post","status-publish","format-standard","hentry","category-allgemein"],"_links":{"self":[{"href":"https:\/\/feuerwehr-umkirch.de\/wordpress\/wp-json\/wp\/v2\/posts\/891","targetHints":{"allow":["GET"]}}],"collection":[{"href":"https:\/\/feuerwehr-umkirch.de\/wordpress\/wp-json\/wp\/v2\/posts"}],"about":[{"href":"https:\/\/feuerwehr-umkirch.de\/wordpress\/wp-json\/wp\/v2\/types\/post"}],"author":[{"embeddable":true,"href":"https:\/\/feuerwehr-umkirch.de\/wordpress\/wp-json\/wp\/v2\/users\/3"}],"replies":[{"embeddable":true,"href":"https:\/\/feuerwehr-umkirch.de\/wordpress\/wp-json\/wp\/v2\/comments?post=891"}],"version-history":[{"count":2,"href":"https:\/\/feuerwehr-umkirch.de\/wordpress\/wp-json\/wp\/v2\/posts\/891\/revisions"}],"predecessor-version":[{"id":893,"href":"https:\/\/feuerwehr-umkirch.de\/wordpress\/wp-json\/wp\/v2\/posts\/891\/revisions\/893"}],"wp:attachment":[{"href":"https:\/\/feuerwehr-umkirch.de\/wordpress\/wp-json\/wp\/v2\/media?parent=891"}],"wp:term":[{"taxonomy":"category","embeddable":true,"href":"https:\/\/feuerwehr-umkirch.de\/wordpress\/wp-json\/wp\/v2\/categories?post=891"},{"taxonomy":"post_tag","embeddable":true,"href":"https:\/\/feuerwehr-umkirch.de\/wordpress\/wp-json\/wp\/v2\/tags?post=891"}],"curies":[{"name":"wp","href":"https:\/\/api.w.org\/{rel}","templated":true}]}}