{"id":865,"date":"2020-02-08T12:33:06","date_gmt":"2020-02-08T11:33:06","guid":{"rendered":"http:\/\/feuerwehr-umkirch.de\/wordpress\/?p=865"},"modified":"2020-02-16T12:35:15","modified_gmt":"2020-02-16T11:35:15","slug":"jugendfeuerwehr-ausflug-zur-eishalle","status":"publish","type":"post","link":"https:\/\/feuerwehr-umkirch.de\/wordpress\/2020\/02\/08\/jugendfeuerwehr-ausflug-zur-eishalle\/","title":{"rendered":"Jugendfeuerwehr Ausflug zur Eishalle"},"content":{"rendered":"\n<p>Am Samstag, 08.Februar 2020 war unsere Jugenfeuerwehr auf einem Ausflug zur Eishalle. Nachdem wir zusammen etwas gegessen hatten, verbrachten wir einige Stunden auf dem Eis. Solche Ausfl\u00fcge st\u00e4rken die Kameradschaft und die Gruppendynamik w\u00e4hrend unserer Proben.<\/p>\n\n\n\n<p>Wenn auch Du Interesse hast, zwischen 10 und 17 Jahren alt bist, dann schreib uns \u00fcber unsere&nbsp;Facebook Seite der Feuerwehr Umkirch oder eine email an jugend@feuerwehr-umkirch.de!<\/p>\n\n\n\n<p>Unsere n\u00e4chste Jugendprobe findet am Mittwoch, 4.M\u00e4rz statt. Treffpunkt ist um 17:45 Uhr am Ger\u00e4tehaus.\u00a0<\/p>\n\n\n\n<figure class=\"wp-block-image\"><img loading=\"lazy\" decoding=\"async\" width=\"960\" height=\"720\" src=\"https:\/\/feuerwehr-umkirch.de\/wp-content\/uploads\/2020\/02\/jugend.jpg\" alt=\"\" class=\"wp-image-866\" srcset=\"https:\/\/feuerwehr-umkirch.de\/wp-content\/uploads\/2020\/02\/jugend.jpg 960w, https:\/\/feuerwehr-umkirch.de\/wp-content\/uploads\/2020\/02\/jugend-600x450.jpg 600w, https:\/\/feuerwehr-umkirch.de\/wp-content\/uploads\/2020\/02\/jugend-300x225.jpg 300w, https:\/\/feuerwehr-umkirch.de\/wp-content\/uploads\/2020\/02\/jugend-768x576.jpg 768w, https:\/\/feuerwehr-umkirch.de\/wp-content\/uploads\/2020\/02\/jugend-150x113.jpg 150w\" sizes=\"auto, (max-width: 767px) 89vw, (max-width: 1000px) 54vw, (max-width: 1071px) 543px, 580px\" \/><\/figure>\n","protected":false},"excerpt":{"rendered":"<p>Am Samstag, 08.Februar 2020 war unsere Jugenfeuerwehr auf einem Ausflug zur Eishalle. Nachdem wir zusammen etwas gegessen hatten, verbrachten wir einige Stunden auf dem Eis. Solche Ausfl\u00fcge st\u00e4rken die Kameradschaft und die Gruppendynamik w\u00e4hrend unserer Proben. Wenn auch Du Interesse hast, zwischen 10 und 17 Jahren alt bist, dann schreib uns \u00fcber unsere&nbsp;Facebook Seite der &hellip; <\/p>\n<p class=\"link-more\"><a href=\"https:\/\/feuerwehr-umkirch.de\/wordpress\/2020\/02\/08\/jugendfeuerwehr-ausflug-zur-eishalle\/\" class=\"more-link\"><span class=\"screen-reader-text\">\u201eJugendfeuerwehr Ausflug zur Eishalle\u201c <\/span>weiterlesen<\/a><\/p>\n","protected":false},"author":3,"featured_media":0,"comment_status":"open","ping_status":"open","sticky":false,"template":"","format":"standard","meta":{"footnotes":""},"categories":[1],"tags":[],"class_list":["post-865","post","type-post","status-publish","format-standard","hentry","category-allgemein"],"_links":{"self":[{"href":"https:\/\/feuerwehr-umkirch.de\/wordpress\/wp-json\/wp\/v2\/posts\/865","targetHints":{"allow":["GET"]}}],"collection":[{"href":"https:\/\/feuerwehr-umkirch.de\/wordpress\/wp-json\/wp\/v2\/posts"}],"about":[{"href":"https:\/\/feuerwehr-umkirch.de\/wordpress\/wp-json\/wp\/v2\/types\/post"}],"author":[{"embeddable":true,"href":"https:\/\/feuerwehr-umkirch.de\/wordpress\/wp-json\/wp\/v2\/users\/3"}],"replies":[{"embeddable":true,"href":"https:\/\/feuerwehr-umkirch.de\/wordpress\/wp-json\/wp\/v2\/comments?post=865"}],"version-history":[{"count":1,"href":"https:\/\/feuerwehr-umkirch.de\/wordpress\/wp-json\/wp\/v2\/posts\/865\/revisions"}],"predecessor-version":[{"id":867,"href":"https:\/\/feuerwehr-umkirch.de\/wordpress\/wp-json\/wp\/v2\/posts\/865\/revisions\/867"}],"wp:attachment":[{"href":"https:\/\/feuerwehr-umkirch.de\/wordpress\/wp-json\/wp\/v2\/media?parent=865"}],"wp:term":[{"taxonomy":"category","embeddable":true,"href":"https:\/\/feuerwehr-umkirch.de\/wordpress\/wp-json\/wp\/v2\/categories?post=865"},{"taxonomy":"post_tag","embeddable":true,"href":"https:\/\/feuerwehr-umkirch.de\/wordpress\/wp-json\/wp\/v2\/tags?post=865"}],"curies":[{"name":"wp","href":"https:\/\/api.w.org\/{rel}","templated":true}]}}