{"id":335,"date":"2019-02-03T23:58:21","date_gmt":"2019-02-03T22:58:21","guid":{"rendered":"http:\/\/feuerwehr-umkirch.de\/wordpress\/?p=335"},"modified":"2019-02-06T20:00:52","modified_gmt":"2019-02-06T19:00:52","slug":"einsatz-19-04-b3-gesamtwehralarm","status":"publish","type":"post","link":"https:\/\/feuerwehr-umkirch.de\/wordpress\/2019\/02\/03\/einsatz-19-04-b3-gesamtwehralarm\/","title":{"rendered":"Einsatz 19-04: B3 Gesamtwehralarm"},"content":{"rendered":"\n<p><br>Am 03.Februar sind wir um 23:53 Uhr zu einem Brandmeldealarm alarmiert worden. Wir sind sofort mit drei Fahrzeugen ausger\u00fcckt. Beim Eintreffen stellten wir fest, dass kein Feuer vorhanden war und der Rauchmelder wohl durch Zigarettenrauch ausgel\u00f6st wurde. Die Einsatzstelle wurde an den Betreiber \u00fcbergeben und wir konnten ohne weitere Ma\u00dfnahmen dann wieder ins Ger\u00e4tehaus abr\u00fccken.<\/p>\n\n\n\n<figure class=\"wp-block-image\"><img loading=\"lazy\" decoding=\"async\" width=\"1024\" height=\"939\" src=\"http:\/\/feuerwehr-umkirch.de\/wp-content\/uploads\/2018\/12\/BMA-1024x939.jpg\" alt=\"\" class=\"wp-image-299\" srcset=\"https:\/\/feuerwehr-umkirch.de\/wp-content\/uploads\/2018\/12\/BMA-1024x939.jpg 1024w, https:\/\/feuerwehr-umkirch.de\/wp-content\/uploads\/2018\/12\/BMA-600x550.jpg 600w, https:\/\/feuerwehr-umkirch.de\/wp-content\/uploads\/2018\/12\/BMA-300x275.jpg 300w, https:\/\/feuerwehr-umkirch.de\/wp-content\/uploads\/2018\/12\/BMA-768x704.jpg 768w, https:\/\/feuerwehr-umkirch.de\/wp-content\/uploads\/2018\/12\/BMA-150x138.jpg 150w, https:\/\/feuerwehr-umkirch.de\/wp-content\/uploads\/2018\/12\/BMA.jpg 1280w\" sizes=\"auto, (max-width: 767px) 89vw, (max-width: 1000px) 54vw, (max-width: 1071px) 543px, 580px\" \/><\/figure>\n","protected":false},"excerpt":{"rendered":"<p>Am 03.Februar sind wir um 23:53 Uhr zu einem Brandmeldealarm alarmiert worden. Wir sind sofort mit drei Fahrzeugen ausger\u00fcckt. Beim Eintreffen stellten wir fest, dass kein Feuer vorhanden war und der Rauchmelder wohl durch Zigarettenrauch ausgel\u00f6st wurde. Die Einsatzstelle wurde an den Betreiber \u00fcbergeben und wir konnten ohne weitere Ma\u00dfnahmen dann wieder ins Ger\u00e4tehaus abr\u00fccken.<\/p>\n","protected":false},"author":1,"featured_media":0,"comment_status":"open","ping_status":"open","sticky":false,"template":"","format":"standard","meta":{"footnotes":""},"categories":[1],"tags":[],"class_list":["post-335","post","type-post","status-publish","format-standard","hentry","category-allgemein"],"_links":{"self":[{"href":"https:\/\/feuerwehr-umkirch.de\/wordpress\/wp-json\/wp\/v2\/posts\/335","targetHints":{"allow":["GET"]}}],"collection":[{"href":"https:\/\/feuerwehr-umkirch.de\/wordpress\/wp-json\/wp\/v2\/posts"}],"about":[{"href":"https:\/\/feuerwehr-umkirch.de\/wordpress\/wp-json\/wp\/v2\/types\/post"}],"author":[{"embeddable":true,"href":"https:\/\/feuerwehr-umkirch.de\/wordpress\/wp-json\/wp\/v2\/users\/1"}],"replies":[{"embeddable":true,"href":"https:\/\/feuerwehr-umkirch.de\/wordpress\/wp-json\/wp\/v2\/comments?post=335"}],"version-history":[{"count":1,"href":"https:\/\/feuerwehr-umkirch.de\/wordpress\/wp-json\/wp\/v2\/posts\/335\/revisions"}],"predecessor-version":[{"id":336,"href":"https:\/\/feuerwehr-umkirch.de\/wordpress\/wp-json\/wp\/v2\/posts\/335\/revisions\/336"}],"wp:attachment":[{"href":"https:\/\/feuerwehr-umkirch.de\/wordpress\/wp-json\/wp\/v2\/media?parent=335"}],"wp:term":[{"taxonomy":"category","embeddable":true,"href":"https:\/\/feuerwehr-umkirch.de\/wordpress\/wp-json\/wp\/v2\/categories?post=335"},{"taxonomy":"post_tag","embeddable":true,"href":"https:\/\/feuerwehr-umkirch.de\/wordpress\/wp-json\/wp\/v2\/tags?post=335"}],"curies":[{"name":"wp","href":"https:\/\/api.w.org\/{rel}","templated":true}]}}