{"id":175,"date":"2018-02-18T11:46:30","date_gmt":"2018-02-18T10:46:30","guid":{"rendered":"http:\/\/feuerwehr-umkirch.de\/wordpress\/?p=175"},"modified":"2018-11-28T12:16:48","modified_gmt":"2018-11-28T11:16:48","slug":"einsatz-18-12-h1-person-in-zwangslage","status":"publish","type":"post","link":"https:\/\/feuerwehr-umkirch.de\/wordpress\/2018\/02\/18\/einsatz-18-12-h1-person-in-zwangslage\/","title":{"rendered":"Einsatz 18-12: H1 Person in Zwangslage"},"content":{"rendered":"<p>Am Sonntag, den 18.02. wurden wir um 15:21 Uhr zu einer T\u00fcr\u00f6ffnung in die Breite alarmiert und sind gleich mit einem Fahrzeug ausger\u00fcckt. Die T\u00fcr wurde ge\u00f6ffnet und eine verletzte Person wurde an den Rettungsdienst \u00fcbergeben. Nach der \u00dcbergabe der Einsatzstelle an die Polizei sind wir dann wieder ins Ger\u00e4tehaus abger\u00fcckt.<img loading=\"lazy\" decoding=\"async\" class=\"alignnone size-full wp-image-176\" src=\"http:\/\/feuerwehr-umkirch.de\/wp-content\/uploads\/2018\/11\/28161348_2062302003796390_3699473534877279458_o.jpg\" alt=\"\" width=\"1917\" height=\"1352\" srcset=\"https:\/\/feuerwehr-umkirch.de\/wp-content\/uploads\/2018\/11\/28161348_2062302003796390_3699473534877279458_o.jpg 1917w, https:\/\/feuerwehr-umkirch.de\/wp-content\/uploads\/2018\/11\/28161348_2062302003796390_3699473534877279458_o-600x423.jpg 600w, https:\/\/feuerwehr-umkirch.de\/wp-content\/uploads\/2018\/11\/28161348_2062302003796390_3699473534877279458_o-300x212.jpg 300w, https:\/\/feuerwehr-umkirch.de\/wp-content\/uploads\/2018\/11\/28161348_2062302003796390_3699473534877279458_o-768x542.jpg 768w, https:\/\/feuerwehr-umkirch.de\/wp-content\/uploads\/2018\/11\/28161348_2062302003796390_3699473534877279458_o-1024x722.jpg 1024w, https:\/\/feuerwehr-umkirch.de\/wp-content\/uploads\/2018\/11\/28161348_2062302003796390_3699473534877279458_o-150x106.jpg 150w\" sizes=\"auto, (max-width: 767px) 89vw, (max-width: 1000px) 54vw, (max-width: 1071px) 543px, 580px\" \/><\/p>\n","protected":false},"excerpt":{"rendered":"<p>Am Sonntag, den 18.02. wurden wir um 15:21 Uhr zu einer T\u00fcr\u00f6ffnung in die Breite alarmiert und sind gleich mit einem Fahrzeug ausger\u00fcckt. Die T\u00fcr wurde ge\u00f6ffnet und eine verletzte Person wurde an den Rettungsdienst \u00fcbergeben. Nach der \u00dcbergabe der Einsatzstelle an die Polizei sind wir dann wieder ins Ger\u00e4tehaus abger\u00fcckt.<\/p>\n","protected":false},"author":1,"featured_media":0,"comment_status":"closed","ping_status":"open","sticky":false,"template":"","format":"standard","meta":{"footnotes":""},"categories":[1,3],"tags":[],"class_list":["post-175","post","type-post","status-publish","format-standard","hentry","category-allgemein","category-einsatz"],"_links":{"self":[{"href":"https:\/\/feuerwehr-umkirch.de\/wordpress\/wp-json\/wp\/v2\/posts\/175","targetHints":{"allow":["GET"]}}],"collection":[{"href":"https:\/\/feuerwehr-umkirch.de\/wordpress\/wp-json\/wp\/v2\/posts"}],"about":[{"href":"https:\/\/feuerwehr-umkirch.de\/wordpress\/wp-json\/wp\/v2\/types\/post"}],"author":[{"embeddable":true,"href":"https:\/\/feuerwehr-umkirch.de\/wordpress\/wp-json\/wp\/v2\/users\/1"}],"replies":[{"embeddable":true,"href":"https:\/\/feuerwehr-umkirch.de\/wordpress\/wp-json\/wp\/v2\/comments?post=175"}],"version-history":[{"count":1,"href":"https:\/\/feuerwehr-umkirch.de\/wordpress\/wp-json\/wp\/v2\/posts\/175\/revisions"}],"predecessor-version":[{"id":177,"href":"https:\/\/feuerwehr-umkirch.de\/wordpress\/wp-json\/wp\/v2\/posts\/175\/revisions\/177"}],"wp:attachment":[{"href":"https:\/\/feuerwehr-umkirch.de\/wordpress\/wp-json\/wp\/v2\/media?parent=175"}],"wp:term":[{"taxonomy":"category","embeddable":true,"href":"https:\/\/feuerwehr-umkirch.de\/wordpress\/wp-json\/wp\/v2\/categories?post=175"},{"taxonomy":"post_tag","embeddable":true,"href":"https:\/\/feuerwehr-umkirch.de\/wordpress\/wp-json\/wp\/v2\/tags?post=175"}],"curies":[{"name":"wp","href":"https:\/\/api.w.org\/{rel}","templated":true}]}}