{"id":172,"date":"2018-02-19T11:45:51","date_gmt":"2018-02-19T10:45:51","guid":{"rendered":"http:\/\/feuerwehr-umkirch.de\/wordpress\/?p=172"},"modified":"2018-11-28T12:16:43","modified_gmt":"2018-11-28T11:16:43","slug":"in-einem-zum-abriss-geplanten-haus","status":"publish","type":"post","link":"https:\/\/feuerwehr-umkirch.de\/wordpress\/2018\/02\/19\/in-einem-zum-abriss-geplanten-haus\/","title":{"rendered":"in einem zum Abriss geplanten Haus"},"content":{"rendered":"<p>In einer der letzten Proben hatten wir die Gelegenheit in einem zum Abriss geplanten Haus zu \u00fcben. In der \u00dcbung wurde das Haus komplett verraucht und dann verschiedene L\u00f6schangriffe durchgef\u00fchrt. Ge\u00fcbt wurde sowohl ein L\u00f6schangriff durch die Eingangst\u00fcre, als auch \u00fcber die Steckleiter in den 1. Stock des Hauses. Da das Haus wenige Tage vor dem Abriss stand, konnten wir auch mit Wasser innerhalb des Hauses \u00fcben. So etwas ist nat\u00fcrlich eine tolle Gelegenheit f\u00fcr uns, realit\u00e4tsn<span class=\"text_exposed_show\">ah zu \u00dcben. In der \u00dcbung konnten auch unsere neuen Atemschutzger\u00e4tetr\u00e4ger gute Erfahrungen sammeln. Hier \u00fcben wir meist mit Trupps bestehend aus einem erfahrenem und einem neuen Feuerwehrkameraden. So geben wir innerhalb der Proben auch das Wissen untereinander weiter und bereiten uns damit auf den Ernstfall vor.<br \/>\nHast Du Interesse bei uns mitzumachen? Dann kontaktiere uns doch jetzt einfach \u00fcber Facebook!<img loading=\"lazy\" decoding=\"async\" class=\"alignnone size-full wp-image-173\" src=\"http:\/\/feuerwehr-umkirch.de\/wp-content\/uploads\/2018\/11\/28055738_2063450847014839_6247626674822371716_n.jpg\" alt=\"\" width=\"720\" height=\"960\" srcset=\"https:\/\/feuerwehr-umkirch.de\/wp-content\/uploads\/2018\/11\/28055738_2063450847014839_6247626674822371716_n.jpg 720w, https:\/\/feuerwehr-umkirch.de\/wp-content\/uploads\/2018\/11\/28055738_2063450847014839_6247626674822371716_n-600x800.jpg 600w, https:\/\/feuerwehr-umkirch.de\/wp-content\/uploads\/2018\/11\/28055738_2063450847014839_6247626674822371716_n-225x300.jpg 225w, https:\/\/feuerwehr-umkirch.de\/wp-content\/uploads\/2018\/11\/28055738_2063450847014839_6247626674822371716_n-113x150.jpg 113w\" sizes=\"auto, (max-width: 720px) 100vw, 720px\" \/><\/span><\/p>\n","protected":false},"excerpt":{"rendered":"<p>In einer der letzten Proben hatten wir die Gelegenheit in einem zum Abriss geplanten Haus zu \u00fcben. In der \u00dcbung wurde das Haus komplett verraucht und dann verschiedene L\u00f6schangriffe durchgef\u00fchrt. Ge\u00fcbt wurde sowohl ein L\u00f6schangriff durch die Eingangst\u00fcre, als auch \u00fcber die Steckleiter in den 1. Stock des Hauses. Da das Haus wenige Tage vor &hellip; <\/p>\n<p class=\"link-more\"><a href=\"https:\/\/feuerwehr-umkirch.de\/wordpress\/2018\/02\/19\/in-einem-zum-abriss-geplanten-haus\/\" class=\"more-link\"><span class=\"screen-reader-text\">\u201ein einem zum Abriss geplanten Haus\u201c <\/span>weiterlesen<\/a><\/p>\n","protected":false},"author":1,"featured_media":0,"comment_status":"closed","ping_status":"open","sticky":false,"template":"","format":"standard","meta":{"footnotes":""},"categories":[1,4],"tags":[],"class_list":["post-172","post","type-post","status-publish","format-standard","hentry","category-allgemein","category-uebung"],"_links":{"self":[{"href":"https:\/\/feuerwehr-umkirch.de\/wordpress\/wp-json\/wp\/v2\/posts\/172","targetHints":{"allow":["GET"]}}],"collection":[{"href":"https:\/\/feuerwehr-umkirch.de\/wordpress\/wp-json\/wp\/v2\/posts"}],"about":[{"href":"https:\/\/feuerwehr-umkirch.de\/wordpress\/wp-json\/wp\/v2\/types\/post"}],"author":[{"embeddable":true,"href":"https:\/\/feuerwehr-umkirch.de\/wordpress\/wp-json\/wp\/v2\/users\/1"}],"replies":[{"embeddable":true,"href":"https:\/\/feuerwehr-umkirch.de\/wordpress\/wp-json\/wp\/v2\/comments?post=172"}],"version-history":[{"count":1,"href":"https:\/\/feuerwehr-umkirch.de\/wordpress\/wp-json\/wp\/v2\/posts\/172\/revisions"}],"predecessor-version":[{"id":174,"href":"https:\/\/feuerwehr-umkirch.de\/wordpress\/wp-json\/wp\/v2\/posts\/172\/revisions\/174"}],"wp:attachment":[{"href":"https:\/\/feuerwehr-umkirch.de\/wordpress\/wp-json\/wp\/v2\/media?parent=172"}],"wp:term":[{"taxonomy":"category","embeddable":true,"href":"https:\/\/feuerwehr-umkirch.de\/wordpress\/wp-json\/wp\/v2\/categories?post=172"},{"taxonomy":"post_tag","embeddable":true,"href":"https:\/\/feuerwehr-umkirch.de\/wordpress\/wp-json\/wp\/v2\/tags?post=172"}],"curies":[{"name":"wp","href":"https:\/\/api.w.org\/{rel}","templated":true}]}}