{"id":1116,"date":"2021-05-12T23:56:00","date_gmt":"2021-05-12T21:56:00","guid":{"rendered":"https:\/\/feuerwehr-umkirch.de\/wordpress\/?p=1116"},"modified":"2021-05-23T23:58:07","modified_gmt":"2021-05-23T21:58:07","slug":"bericht-hauptversammlung-2020","status":"publish","type":"post","link":"https:\/\/feuerwehr-umkirch.de\/wordpress\/2021\/05\/12\/bericht-hauptversammlung-2020\/","title":{"rendered":"Bericht Hauptversammlung 2020"},"content":{"rendered":"\n<p>Am 12.05.2021 fand der Nachholtermin der Hauptversammlung 2020 der Freiwilligen Feuerwehr Umkirch unter Einhaltung von Covid-19 Hygienebedingungen in der Turnhalle statt. Kommandant Benedikt Tr\u00f6scher begr\u00fc\u00dfte B\u00fcrgermeister Walter Laub, Ehrenkommandant Karl Tr\u00f6scher, sowie die anwesenden Kameraden der aktiven Einsatzabteilung. Er dankte den Anwesenden f\u00fcr ihr Kommen und hob die Besonderheit dieser Hauptversammlung hervor, welche durch die derzeit geltenden Covid-19 Restriktionen deutlich verk\u00fcrzt wurde. Die Hauptversammlung wurde im Wesentlichen auf die anstehenden Wahlen des Kommandantenstellvertreters und des Feuerwehrausschusses reduziert, welche bereits in 2020 stattfinden h\u00e4tten sollen.&nbsp;<\/p>\n\n\n\n<p>Es folgte ein kurzer Bericht des Kommandanten, der alle notwendigen Informationen kurz zusammenfasste. Corona hat vieles zwangsweise zum Stillstand gebracht, jedoch nicht die Einsatzbereitschaft der Freiwilligen Feuerwehr Umkirch: in 2020 gab es eine \u00fcberdurchschnittliche hohe Anzahl von 50 Eins\u00e4tzen, welche trotz erh\u00f6hter Hygienema\u00dfnahmen professionell durchgef\u00fchrt wurden.&nbsp;<\/p>\n\n\n\n<p>Benedikt Tr\u00f6scher sprach \u00fcber die durchgef\u00fchrten Onlineproben und dass man inzwischen wieder in Kleingruppen proben d\u00fcrfte. Dies sei wichtig, um die Einsatzbereitschaft der Wehr aufrecht zu erhalten, so Kommandant Tr\u00f6scher. Er freute sich weiterhin, dass die Impfquote der Wehr bereits bei 98% liegt, was die Einsatzbereitschaft weiter st\u00e4rkt.<\/p>\n\n\n\n<p>Kassenpr\u00fcfer Gabriel Tr\u00f6scher berichtete \u00fcber den Verlauf der durchgef\u00fchrten Kassenpr\u00fcfung und best\u00e4tigte eine einwandfreie Kassenf\u00fchrung. Daraufhin beantragte B\u00fcrgermeister Walter Laub die Entlastung, welche einstimmig erteilt wurde.<\/p>\n\n\n\n<p>Kommandant Tr\u00f6scher bat daraufhin B\u00fcrgermeister Laub die Wahl zu leiten. Es folgte eine geheime Wahl, welche durch B\u00fcrgermeister Walter Laub und Ehrenkommandant Karl Tr\u00f6scher geleitet wurde. Die Tagesordnung wurde w\u00e4hrend der anschlie\u00dfenden Stimmenausz\u00e4hlung weitergef\u00fchrt, um die Dauer der Veranstaltung m\u00f6glichst gering zu halten.<\/p>\n\n\n\n<p>Im Folgenden stellte Kommandant Tr\u00f6scher die Satzungs\u00e4nderung zur Abstimmung, welche es der Wehr zuk\u00fcnftig erlaubt, die Hauptversammlung auch online durchf\u00fchren zu k\u00f6nnen, sollte dies durch zwingende Gr\u00fcnde notwendig sein. Die Mitglieder wurden vorab \u00fcber die geplanten \u00c4nderungen informiert, so dass eine z\u00fcgige Abstimmung stattfinden konnte, in der die Satzungs\u00e4nderung einstimmig angenommen wurde.<\/p>\n\n\n\n<p>Wie in jedem Jahr standen auch in dieser Hauptversammlung Bef\u00f6rderungen und Ehrungen in der Wehr an. Auf Grund der Covid-19 Einschr\u00e4nkungen konnten diese nicht wie \u00fcblich per Handschlag \u00fcberbracht werden. Kommandant Tr\u00f6scher stellte eine gesonderte Veranstaltung in Aussicht, auf der die Ehrungen in gewohnter Form nachgeholt werden, sobald die Situation es zul\u00e4sst.&nbsp;<\/p>\n\n\n\n<p>Er verlas daher die Bef\u00f6rderungen und Ehrungen wie folgt:<\/p>\n\n\n\n<p>Bef\u00f6rdert wurden zum<\/p>\n\n\n\n<p>Feuerwehrmann auf Probe: Nicolai Willius<\/p>\n\n\n\n<p>Feuerwehrmann: Niclas Haas, Ian Heidmann<\/p>\n\n\n\n<p>Oberfeuerwehrmann: Tom D\u00f6ring, Patrick Linder, Pascal Schulz, Sebastian Wengler, Nick Zaretzke<\/p>\n\n\n\n<p>Brandmeister: Marco Hagios<\/p>\n\n\n\n<p>Ehrungen des Kreisfeuerwehrverbands:&nbsp;<\/p>\n\n\n\n<p>15 Jahre (Bronze): Denis Leukel, Gabriel Tr\u00f6scher<\/p>\n\n\n\n<p>40 Jahre (Gold): Thomas Haas, Clemens Hug, Georg Schlayer, Martin Sutter, J\u00fcrgen Tritsch<\/p>\n\n\n\n<p>Ehrungen der Gemeinde Umkirch:&nbsp;<\/p>\n\n\n\n<p>Berthold Heitzler (50 Jahre), Robert Fahrl\u00e4nder (60 Jahre), Werner Graner (60 Jahre)<\/p>\n\n\n\n<p>Kommandant Tr\u00f6scher dankte Walter Tr\u00f6scher, der in die Ehrenabteilung \u00fcbergeht.<\/p>\n\n\n\n<p>Im Anschluss darauf informierte B\u00fcrgermeister Walter Laub \u00fcber das Wahlergebnis:<\/p>\n\n\n\n<p>Zum Kommandantenstellvertreter gew\u00e4hlt wurde Marco Hagios.<\/p>\n\n\n\n<p>F\u00fcr den Feuerwehr Ausschuss gew\u00e4hlt wurden Chris Fre\u00dfle, Simon Schlayer, J\u00fcrgen Tritsch, Kevin Kupfer, Sebastian Wengler und Thomas Tanz.<\/p>\n\n\n\n<p>Kommandant Tr\u00f6scher bedankte sich bei dem ausscheidenden Kommandantenstellvertreter Florian M\u00fcllersch\u00f6n f\u00fcr die gute Zusammenarbeit in den vergangenen 9 Jahren und lobte das gemeinsam Erreichte. Weiterhin bedankte er sich bei den ausscheidenden Ausschuss Mitgliedern Christian Lindinger und Dominik R\u00f6sner f\u00fcr die gute Zusammenarbeit und den Einsatz im Feuerwehr Ausschuss.<\/p>\n\n\n\n<p>Zum Abschluss sprach B\u00fcrgermeister Laub noch kurze Gru\u00dfworte und dankte den Mitgliedern der Wehr, auch im Namen des Gemeinderates, f\u00fcr ihren freiwilligen Einsatz in der Gemeinde, speziell in Zeiten von Covid-19.<\/p>\n\n\n\n<p>Mit den besten W\u00fcnschen f\u00fcr die Zukunft beendete Kommandant Tr\u00f6scher dann die Versammlung.<\/p>\n","protected":false},"excerpt":{"rendered":"<p>Am 12.05.2021 fand der Nachholtermin der Hauptversammlung 2020 der Freiwilligen Feuerwehr Umkirch unter Einhaltung von Covid-19 Hygienebedingungen in der Turnhalle statt. Kommandant Benedikt Tr\u00f6scher begr\u00fc\u00dfte B\u00fcrgermeister Walter Laub, Ehrenkommandant Karl Tr\u00f6scher, sowie die anwesenden Kameraden der aktiven Einsatzabteilung. Er dankte den Anwesenden f\u00fcr ihr Kommen und hob die Besonderheit dieser Hauptversammlung hervor, welche durch die &hellip; <\/p>\n<p class=\"link-more\"><a href=\"https:\/\/feuerwehr-umkirch.de\/wordpress\/2021\/05\/12\/bericht-hauptversammlung-2020\/\" class=\"more-link\"><span class=\"screen-reader-text\">\u201eBericht Hauptversammlung 2020\u201c <\/span>weiterlesen<\/a><\/p>\n","protected":false},"author":3,"featured_media":0,"comment_status":"open","ping_status":"open","sticky":false,"template":"","format":"standard","meta":{"footnotes":""},"categories":[1],"tags":[],"class_list":["post-1116","post","type-post","status-publish","format-standard","hentry","category-allgemein"],"_links":{"self":[{"href":"https:\/\/feuerwehr-umkirch.de\/wordpress\/wp-json\/wp\/v2\/posts\/1116","targetHints":{"allow":["GET"]}}],"collection":[{"href":"https:\/\/feuerwehr-umkirch.de\/wordpress\/wp-json\/wp\/v2\/posts"}],"about":[{"href":"https:\/\/feuerwehr-umkirch.de\/wordpress\/wp-json\/wp\/v2\/types\/post"}],"author":[{"embeddable":true,"href":"https:\/\/feuerwehr-umkirch.de\/wordpress\/wp-json\/wp\/v2\/users\/3"}],"replies":[{"embeddable":true,"href":"https:\/\/feuerwehr-umkirch.de\/wordpress\/wp-json\/wp\/v2\/comments?post=1116"}],"version-history":[{"count":1,"href":"https:\/\/feuerwehr-umkirch.de\/wordpress\/wp-json\/wp\/v2\/posts\/1116\/revisions"}],"predecessor-version":[{"id":1117,"href":"https:\/\/feuerwehr-umkirch.de\/wordpress\/wp-json\/wp\/v2\/posts\/1116\/revisions\/1117"}],"wp:attachment":[{"href":"https:\/\/feuerwehr-umkirch.de\/wordpress\/wp-json\/wp\/v2\/media?parent=1116"}],"wp:term":[{"taxonomy":"category","embeddable":true,"href":"https:\/\/feuerwehr-umkirch.de\/wordpress\/wp-json\/wp\/v2\/categories?post=1116"},{"taxonomy":"post_tag","embeddable":true,"href":"https:\/\/feuerwehr-umkirch.de\/wordpress\/wp-json\/wp\/v2\/tags?post=1116"}],"curies":[{"name":"wp","href":"https:\/\/api.w.org\/{rel}","templated":true}]}}