{"id":1099,"date":"2021-05-06T16:08:14","date_gmt":"2021-05-06T14:08:14","guid":{"rendered":"https:\/\/feuerwehr-umkirch.de\/wordpress\/?p=1099"},"modified":"2021-05-06T16:08:16","modified_gmt":"2021-05-06T14:08:16","slug":"hauptversammlung","status":"publish","type":"post","link":"https:\/\/feuerwehr-umkirch.de\/wordpress\/2021\/05\/06\/hauptversammlung\/","title":{"rendered":"Hauptversammlung"},"content":{"rendered":"\n<p>am <strong>Mittwoch, 12.05.2021 um 19:00 Uhr<\/strong>, findet in der <strong>Turn- und Festhalle<\/strong> der Nachholtermin f\u00fcr die Hauptversammlung 2020 der Freiwilligen Feuerwehr Umkirch statt.<\/p>\n\n\n\n<p>Bedingt durch die derzeit geltenden Corona Regelungen gelten folgende Einschr\u00e4nkungen:<\/p>\n\n\n\n<ul class=\"wp-block-list\"><li>Die Hauptversammlung wird auf das notwendige Minimum und die anstehenden Wahlen des Kommandantenstellvertreter, sowie des Feuerwehrausschusses reduziert.<\/li><li>Teilnehmen d\u00fcrfen nur die aktiven, wahlberechtigten Mitglieder der Wehr sowie wenige weitere Personen, welche zur unabh\u00e4ngigen Durchf\u00fchrung der Wahl erforderlich sind. Leider k\u00f6nnen auch keine Mitglieder des Gemeinderats an der Versammlung teilnehmen, weshalb es auch keine separate Einladung geben wird.&nbsp;<\/li><li>Nach Beendigung der Hauptversammlung wird die Veranstaltung aufgel\u00f6st, es kann leider kein gem\u00fctliches Beisammensein mit Essen und Getr\u00e4nken stattfinden.&nbsp;<\/li><li>Das Tragen einer FFP2 Maske vor und w\u00e4hrend der Veranstaltung ist Pflicht.<\/li><li>Es wird angeraten vor der Teilnahme an der Hauptversammlung einen Corona Test durchzuf\u00fchren, eine Testpflicht besteht jedoch nicht.<\/li><\/ul>\n\n\n\n<p>Folgende Tagesordnung ist vorgesehen:<\/p>\n\n\n\n<ol class=\"wp-block-list\"><li>Bekanntgabe der Tagesordnung<\/li><li>Bericht des Kommandanten<\/li><li>Bericht der Kassenpr\u00fcfer<\/li><li>Entlastung<\/li><li>Wahlen Kommandantenstellvertreter und Ausschuss<\/li><li>Abstimmung Satzungs\u00e4nderung<\/li><li>Best\u00e4tigung der Kassenpr\u00fcfer<\/li><li>Wahlergebnis<\/li><li>Gru\u00dfworte Herr B\u00fcrgermeister Walter Laub<\/li><li>Schlussworte des Kommandanten<\/li><\/ol>\n","protected":false},"excerpt":{"rendered":"<p>am Mittwoch, 12.05.2021 um 19:00 Uhr, findet in der Turn- und Festhalle der Nachholtermin f\u00fcr die Hauptversammlung 2020 der Freiwilligen Feuerwehr Umkirch statt. Bedingt durch die derzeit geltenden Corona Regelungen gelten folgende Einschr\u00e4nkungen: Die Hauptversammlung wird auf das notwendige Minimum und die anstehenden Wahlen des Kommandantenstellvertreter, sowie des Feuerwehrausschusses reduziert. Teilnehmen d\u00fcrfen nur die aktiven, &hellip; <\/p>\n<p class=\"link-more\"><a href=\"https:\/\/feuerwehr-umkirch.de\/wordpress\/2021\/05\/06\/hauptversammlung\/\" class=\"more-link\"><span class=\"screen-reader-text\">\u201eHauptversammlung\u201c <\/span>weiterlesen<\/a><\/p>\n","protected":false},"author":3,"featured_media":0,"comment_status":"open","ping_status":"open","sticky":false,"template":"","format":"standard","meta":{"footnotes":""},"categories":[1],"tags":[],"class_list":["post-1099","post","type-post","status-publish","format-standard","hentry","category-allgemein"],"_links":{"self":[{"href":"https:\/\/feuerwehr-umkirch.de\/wordpress\/wp-json\/wp\/v2\/posts\/1099","targetHints":{"allow":["GET"]}}],"collection":[{"href":"https:\/\/feuerwehr-umkirch.de\/wordpress\/wp-json\/wp\/v2\/posts"}],"about":[{"href":"https:\/\/feuerwehr-umkirch.de\/wordpress\/wp-json\/wp\/v2\/types\/post"}],"author":[{"embeddable":true,"href":"https:\/\/feuerwehr-umkirch.de\/wordpress\/wp-json\/wp\/v2\/users\/3"}],"replies":[{"embeddable":true,"href":"https:\/\/feuerwehr-umkirch.de\/wordpress\/wp-json\/wp\/v2\/comments?post=1099"}],"version-history":[{"count":1,"href":"https:\/\/feuerwehr-umkirch.de\/wordpress\/wp-json\/wp\/v2\/posts\/1099\/revisions"}],"predecessor-version":[{"id":1100,"href":"https:\/\/feuerwehr-umkirch.de\/wordpress\/wp-json\/wp\/v2\/posts\/1099\/revisions\/1100"}],"wp:attachment":[{"href":"https:\/\/feuerwehr-umkirch.de\/wordpress\/wp-json\/wp\/v2\/media?parent=1099"}],"wp:term":[{"taxonomy":"category","embeddable":true,"href":"https:\/\/feuerwehr-umkirch.de\/wordpress\/wp-json\/wp\/v2\/categories?post=1099"},{"taxonomy":"post_tag","embeddable":true,"href":"https:\/\/feuerwehr-umkirch.de\/wordpress\/wp-json\/wp\/v2\/tags?post=1099"}],"curies":[{"name":"wp","href":"https:\/\/api.w.org\/{rel}","templated":true}]}}